[{"@context":"https:\/\/schema.org\/","@type":"Article","@id":"https:\/\/www.zadax.cz\/moda-pro-vsechny\/#Article","mainEntityOfPage":"https:\/\/www.zadax.cz\/moda-pro-vsechny\/","headline":"M\u00f3da pro v\u0161echny","name":"M\u00f3da pro v\u0161echny","description":"Zaj\u00edm\u00e1 v\u00e1s m\u00f3da? J\u00e1 si mysl\u00edm, \u017ee opravdu mnoho lid\u00ed, kte\u0159\u00ed\u00a0maj\u00ed m\u00f3du velmi r\u00e1di, bav\u00ed je a zaj\u00edm\u00e1. J\u00e1 jsem takov\u00e1, \u017ee jsem velmi m\u00f3dn\u00ed \u017eena. M\u00f3da m\u011b stra\u0161n\u011b moc bav\u00ed a j\u00e1 si \u0159\u00edk\u00e1m, \u017ee bych se klidn\u011b mohla m\u00f3dou taky \u017eivit. Proto\u017ee jako d\u00edt\u011b jsem r\u00e1da obl\u00e9kala r\u016fzn\u00e9 panenky a taky hra\u010dky. A [&hellip;]","datePublished":"2022-04-16","dateModified":"2022-04-16","author":{"@type":"Person","@id":"https:\/\/www.zadax.cz\/author\/#Person","name":"zadax.cz","url":"https:\/\/www.zadax.cz\/author\/","identifier":1,"image":{"@type":"ImageObject","@id":"https:\/\/secure.gravatar.com\/avatar\/b682f75cb96d085fca5fbc8ca3f08e323444e236f6e6028585b73de81c46f711?s=96&d=mm&r=g","url":"https:\/\/secure.gravatar.com\/avatar\/b682f75cb96d085fca5fbc8ca3f08e323444e236f6e6028585b73de81c46f711?s=96&d=mm&r=g","height":96,"width":96}},"publisher":{"@type":"Organization","name":"zadax.cz","logo":{"@type":"ImageObject","@id":"\/logo.png","url":"\/logo.png","width":600,"height":60}},"image":{"@type":"ImageObject","@id":"https:\/\/www.zadax.cz\/wp-content\/uploads\/pexels-andrea-piacquadio-712433_3.jpg","url":"https:\/\/www.zadax.cz\/wp-content\/uploads\/pexels-andrea-piacquadio-712433_3.jpg","height":0,"width":0},"url":"https:\/\/www.zadax.cz\/moda-pro-vsechny\/","about":["M\u00f3da"],"wordCount":423,"articleBody":"Zaj\u00edm\u00e1 v\u00e1s m\u00f3da? J\u00e1 si mysl\u00edm, \u017ee opravdu mnoho lid\u00ed, kte\u0159\u00ed\u00a0maj\u00ed m\u00f3du velmi r\u00e1di, bav\u00ed je a zaj\u00edm\u00e1. J\u00e1 jsem takov\u00e1, \u017ee jsem velmi m\u00f3dn\u00ed \u017eena. M\u00f3da m\u011b stra\u0161n\u011b moc bav\u00ed a j\u00e1 si \u0159\u00edk\u00e1m, \u017ee bych se klidn\u011b mohla m\u00f3dou taky \u017eivit. Proto\u017ee jako d\u00edt\u011b jsem r\u00e1da obl\u00e9kala r\u016fzn\u00e9 panenky a taky hra\u010dky. A ani nev\u00edte, jak\u00fd jsem byla velmi r\u00e1da, kdy\u017e mi moje sest\u0159enice d\u00e1vala oble\u010den\u00ed po sob\u011b. Proto\u017ee maminka mi moc necht\u011bla kupovat m\u00f3dn\u00ed nov\u00e9 oble\u010den\u00ed. Tak\u017ee jsem byla velmi r\u00e1da, kdy\u017e mi moje sest\u0159enice n\u011bco p\u011bkn\u00e9ho na sebe dala. M\u011bla jsem opravdu p\u011bknou sb\u00edrku oble\u010den\u00ed. Proto\u017ee jsem taky m\u011bla \u0161t\u011bst\u00ed, \u017ee moje sest\u0159enice pracovala v butiku a pak taky v\u00a0second\u00a0handu. A nav\u00edc ona byla hodn\u011b bohat\u00e1. Tak\u017ee ona si kupovala velmi modern\u00ed a taky n\u011bkdy opravdu drah\u00e9 m\u00f3dn\u00ed kousky. Taky m\u011bla opravdu hodn\u011b m\u00f3dn\u00edch dopl\u0148k\u016f a j\u00e1 jsem byla velmi r\u00e1da, kdy\u017e jsem tohle mohla jednoho dne nosit. P\u0159ipadala jsem si skv\u011ble a dob\u0159e.Proto\u017ee moje kamar\u00e1dky mi docela tro\u0161ku n\u011bkdy z\u00e1vid\u011bly. J\u00e1 jsem ale byla takov\u00e1, \u017ee jsem jim velmi \u010dasto sv\u00e9 obl\u00edben\u00e9 kousky p\u016fj\u010dovala, proto\u017ee oble\u010den\u00ed jsem dostala, tak abych se n\u011bjak odvd\u011b\u010dila, tak jsem oble\u010den\u00ed p\u016fj\u010dovala d\u00e1l. N\u011bkdy jsem kamar\u00e1dce dokonce i kousek oble\u010den\u00ed nechala. J\u00e1 jsem z toho m\u011bla dobr\u00fd pocit, moje kamar\u00e1dka taky. Tak\u017ee jsme si potom n\u011bkdy vypom\u00e1hali navz\u00e1jem, \u017ee jsme si p\u016fj\u010dovali na\u0161e m\u00f3dn\u00ed kousky. A v\u0161ichni jsme byli moc spokojen\u00ed. Jsem r\u00e1da, \u017ee\u00a0existuj\u00ed\u00a0r\u016fzn\u00e9 m\u00f3dn\u00ed kreace, kter\u00e9 se daj\u00ed kombinovat. Ale m\u011b taky bav\u00ed kombinovat v\u011bci, kter\u00e9 jsou zd\u00e1nliv\u011b nekombinovateln\u00e9. Zkou\u0161eli jste n\u011bkdy kombinovat r\u016fzn\u00e9 styly m\u00f3dy? Mysl\u00edm, \u017ee je\u00a0to\u00a0docela z\u00e1bava, a hlavn\u011b nebudete za tuctov\u00e9ho \u010dlov\u011bka. Taky moc r\u00e1da vybo\u010duji z davu, co\u017e je prima. A vy jste rad\u011bji v davu, \u017ee tam zapad\u00e1te nebo jste r\u00e1di st\u0159edem pozornosti? J\u00e1 sama jsem d\u0159\u00edve byla stydliv\u00e1, ale postupem \u010dasu se m\u011bn\u00edm a chci b\u00fdt vid\u011bt.                                                                                                                                                                                                                                                                                                                                                                                        4.2\/5 - (6 votes)        "},{"@context":"https:\/\/schema.org\/","@type":"BreadcrumbList","itemListElement":[{"@type":"ListItem","position":1,"name":"M\u00f3da pro v\u0161echny","item":"https:\/\/www.zadax.cz\/moda-pro-vsechny\/#breadcrumbitem"}]}]